{"id":2203,"date":"2022-12-02T09:02:55","date_gmt":"2022-12-02T08:02:55","guid":{"rendered":"https:\/\/www.hotelwedina.de\/2022\/12\/02\/dilek-guengoer\/"},"modified":"2022-12-02T09:02:55","modified_gmt":"2022-12-02T08:02:55","slug":"dilek-guengoer","status":"publish","type":"post","link":"https:\/\/www.hotelwedina.de\/en\/2022\/12\/02\/dilek-guengoer\/","title":{"rendered":"Dilek G\u00fcng\u00f6r"},"content":{"rendered":"<p>[et_pb_section fb_built=&#8221;1&#8243; _builder_version=&#8221;4.16&#8243; global_colors_info=&#8221;{}&#8221;][et_pb_row use_custom_gutter=&#8221;on&#8221; gutter_width=&#8221;2&#8243; admin_label=&#8221;Text + Bild&#8221; _builder_version=&#8221;4.18.1&#8243; background_size=&#8221;initial&#8221; background_position=&#8221;top_left&#8221; background_repeat=&#8221;repeat&#8221; global_colors_info=&#8221;{}&#8221;][et_pb_column type=&#8221;4_4&#8243; _builder_version=&#8221;4.18.1&#8243; _module_preset=&#8221;default&#8221; custom_padding=&#8221;|75px|||false|false&#8221; custom_padding_tablet=&#8221;|0px|||false|false&#8221; custom_padding_phone=&#8221;|0px|||false|false&#8221; custom_padding_last_edited=&#8221;on|desktop&#8221; global_colors_info=&#8221;{}&#8221;][et_pb_text admin_label=&#8221;Titel&#8221; _builder_version=&#8221;4.19.0&#8243; _module_preset=&#8221;default&#8221; text_font=&#8221;Roboto Condensed||||||||&#8221; text_font_size=&#8221;15px&#8221; text_letter_spacing=&#8221;1px&#8221; header_font=&#8221;|||on|||||&#8221; header_font_size=&#8221;45px&#8221; header_2_font=&#8221;Roboto-C-Regular|||on|||||&#8221; header_2_font_size=&#8221;20px&#8221; header_font_size_tablet=&#8221;50px&#8221; header_font_size_phone=&#8221;32px&#8221; header_font_size_last_edited=&#8221;on|tablet&#8221; header_2_font_size_tablet=&#8221;20px&#8221; header_2_font_size_phone=&#8221;18px&#8221; header_2_font_size_last_edited=&#8221;on|phone&#8221; global_colors_info=&#8221;{}&#8221;]<\/p>\n<h2>Author dedications<\/h2>\n<h1>Dilek G\u00fcng\u00f6r<\/h1>\n<p>[\/et_pb_text][et_pb_text _builder_version=&#8221;4.19.0&#8243; _module_preset=&#8221;default&#8221; text_font_size=&#8221;17px&#8221; global_colors_info=&#8221;{}&#8221;]<\/p>\n<div id=\"imagecolumnheaders\">\n<div class=\"paragraph\">Dilek G\u00fcng\u00f6r was born in Schw\u00e4bisch Gm\u00fcnd in 1972. She completed her translation studies in English and Spanish at Gutenberg University Mainz in Germersheim and worked as a journalist for the Berliner Zeitung from 1998 to 2003. In 2004, she completed a master&#8217;s degree in Race and Ethnic Studies at the University of Warwick, England. Her columns continue to appear in the Berliner Zeitung. During her visit to Hamburg, she also spent a night at the Literaturhotel Wedina and signed a book, which has now found a place in the library.  <\/div>\n<\/div>\n<p>[\/et_pb_text][et_pb_text _builder_version=&#8221;4.19.0&#8243; _module_preset=&#8221;default&#8221; text_font_size=&#8221;17px&#8221; global_colors_info=&#8221;{}&#8221;]<\/p>\n<div id=\"imagecolumnheaders\">\n<p>About the book:<\/p>\n<p>When Ipek goes to visit her father for a long weekend, she knows that he will be waiting for her in the car at the station square and will not meet her at the train. Arriving at her parents&#8217; house, she sits in her former nursery, listening to him in the garden, in the house, making tea. The closeness that united child and father has been lost to them a little more with each passing year, and along with the closeness, the common language. Ipek is a journalist, she has learned to ask questions, but she is powerless in the face of the silence between her and her father.Dilek G\u00fcng\u00f6r describes the rapprochement of a daughter with her father, who came to Germany from Turkey as a so-called guest worker in the 1970s.<\/p>\n<\/div>\n<p>[\/et_pb_text][\/et_pb_column][\/et_pb_row][et_pb_row column_structure=&#8221;1_2,1_2&#8243; use_custom_gutter=&#8221;on&#8221; gutter_width=&#8221;2&#8243; admin_label=&#8221;Text + Bild&#8221; _builder_version=&#8221;4.18.1&#8243; background_size=&#8221;initial&#8221; background_position=&#8221;top_left&#8221; background_repeat=&#8221;repeat&#8221; global_colors_info=&#8221;{}&#8221;][et_pb_column type=&#8221;1_2&#8243; _builder_version=&#8221;4.18.1&#8243; _module_preset=&#8221;default&#8221; custom_padding=&#8221;|75px|||false|false&#8221; custom_padding_tablet=&#8221;|0px|||false|false&#8221; custom_padding_phone=&#8221;|0px|||false|false&#8221; custom_padding_last_edited=&#8221;on|desktop&#8221; global_colors_info=&#8221;{}&#8221;][et_pb_image src=&#8221;http:\/\/672011270630.hostingkunde.de\/wp-content\/uploads\/2022\/12\/Wedina_Autorenwidmung_Dilek-Geungoer_Buchcover.png&#8221; title_text=&#8221;Wedina_Autorenwidmung_Dilek-Geungoer_Buchcover&#8221; _builder_version=&#8221;4.19.0&#8243; _module_preset=&#8221;default&#8221; global_colors_info=&#8221;{}&#8221;][\/et_pb_image][\/et_pb_column][et_pb_column type=&#8221;1_2&#8243; _builder_version=&#8221;4.18.1&#8243; _module_preset=&#8221;default&#8221; custom_padding=&#8221;|75px|||false|false&#8221; custom_padding_tablet=&#8221;|0px|||false|false&#8221; custom_padding_phone=&#8221;|0px|||false|false&#8221; custom_padding_last_edited=&#8221;on|desktop&#8221; global_colors_info=&#8221;{}&#8221;][et_pb_image src=&#8221;http:\/\/672011270630.hostingkunde.de\/wp-content\/uploads\/2022\/12\/Wedina_Autorenwidmung_Dilek-Geungoer_Widmung.png&#8221; title_text=&#8221;Wedina_Autorenwidmung_Dilek-Geungoer_Widmung&#8221; _builder_version=&#8221;4.19.0&#8243; _module_preset=&#8221;default&#8221; global_colors_info=&#8221;{}&#8221;][\/et_pb_image][\/et_pb_column][\/et_pb_row][\/et_pb_section]<\/p>\n","protected":false},"excerpt":{"rendered":"<p>Author dedications Dilek G\u00fcng\u00f6r Dilek G\u00fcng\u00f6r was born in Schw\u00e4bisch Gm\u00fcnd in 1972. She completed her translation studies in English and Spanish at Gutenberg University Mainz in Germersheim and worked as a journalist for the Berliner Zeitung from 1998 to 2003. In 2004, she completed a master&#8217;s degree in Race and Ethnic Studies at the [&hellip;]<\/p>\n","protected":false},"author":1,"featured_media":2017,"comment_status":"open","ping_status":"open","sticky":false,"template":"","format":"standard","meta":{"_et_pb_use_builder":"on","_et_pb_old_content":"","_et_gb_content_width":"","footnotes":""},"categories":[42],"tags":[],"class_list":["post-2203","post","type-post","status-publish","format-standard","has-post-thumbnail","hentry","category-author-dedications"],"_links":{"self":[{"href":"https:\/\/www.hotelwedina.de\/en\/wp-json\/wp\/v2\/posts\/2203","targetHints":{"allow":["GET"]}}],"collection":[{"href":"https:\/\/www.hotelwedina.de\/en\/wp-json\/wp\/v2\/posts"}],"about":[{"href":"https:\/\/www.hotelwedina.de\/en\/wp-json\/wp\/v2\/types\/post"}],"author":[{"embeddable":true,"href":"https:\/\/www.hotelwedina.de\/en\/wp-json\/wp\/v2\/users\/1"}],"replies":[{"embeddable":true,"href":"https:\/\/www.hotelwedina.de\/en\/wp-json\/wp\/v2\/comments?post=2203"}],"version-history":[{"count":0,"href":"https:\/\/www.hotelwedina.de\/en\/wp-json\/wp\/v2\/posts\/2203\/revisions"}],"wp:featuredmedia":[{"embeddable":true,"href":"https:\/\/www.hotelwedina.de\/en\/wp-json\/wp\/v2\/media\/2017"}],"wp:attachment":[{"href":"https:\/\/www.hotelwedina.de\/en\/wp-json\/wp\/v2\/media?parent=2203"}],"wp:term":[{"taxonomy":"category","embeddable":true,"href":"https:\/\/www.hotelwedina.de\/en\/wp-json\/wp\/v2\/categories?post=2203"},{"taxonomy":"post_tag","embeddable":true,"href":"https:\/\/www.hotelwedina.de\/en\/wp-json\/wp\/v2\/tags?post=2203"}],"curies":[{"name":"wp","href":"https:\/\/api.w.org\/{rel}","templated":true}]}}